{"id":34,"date":"2021-12-30T17:23:36","date_gmt":"2021-12-30T16:23:36","guid":{"rendered":"https:\/\/sophiehorner.art\/?p=34"},"modified":"2024-10-14T18:31:46","modified_gmt":"2024-10-14T16:31:46","slug":"mascarade-mon-court-metrage-de-fin-detudes","status":"publish","type":"post","link":"https:\/\/sophiehorner.art\/?p=34","title":{"rendered":"\u00ab\u00a0Mascarade\u00a0\u00bb &#8211; mon court-m\u00e9trage de fin d&rsquo;\u00e9tudes"},"content":{"rendered":"\n<figure class=\"wp-block-embed alignwide is-type-video is-provider-youtube wp-block-embed-youtube wp-embed-aspect-16-9 wp-has-aspect-ratio\"><div class=\"wp-block-embed__wrapper\">\n<iframe loading=\"lazy\" title=\"TEASER du court m\u00e9trage MASCARADE\" width=\"1433\" height=\"806\" src=\"https:\/\/www.youtube.com\/embed\/Cwbgp6WcYMg?feature=oembed\" frameborder=\"0\" allow=\"accelerometer; autoplay; clipboard-write; encrypted-media; gyroscope; picture-in-picture; web-share\" referrerpolicy=\"strict-origin-when-cross-origin\" allowfullscreen><\/iframe>\n<\/div><\/figure>\n\n\n\n<div class=\"wp-block-columns alignwide is-layout-flex wp-container-core-columns-is-layout-28f84493 wp-block-columns-is-layout-flex\">\n<div class=\"wp-block-column is-vertically-aligned-center is-layout-flow wp-block-column-is-layout-flow\" style=\"flex-basis:50%\">\n<div class=\"wp-block-group has-small-font-size is-layout-constrained wp-block-group-is-layout-constrained\">\n<h2 class=\"wp-block-heading has-text-align-left\">R\u00e9sum\u00e9 du film<\/h2>\n\n\n\n<p class=\"has-text-align-left has-medium-font-size\" style=\"margin-top:var(--wp--preset--spacing--40);margin-right:var(--wp--preset--spacing--40);margin-bottom:var(--wp--preset--spacing--40);margin-left:var(--wp--preset--spacing--40)\"><strong>Un cin\u00e9aste se voit charg\u00e9 de cr\u00e9er l\u2019illusion pour sauver l\u2019image d\u2019un dictateur. Ce dernier veut prouver \u00e0 son peuple que la Terre est plate et organise \u00e0 cet effet le lancement d\u2019une fus\u00e9e dans l\u2019espace, munie d\u2019une cam\u00e9ra embarqu\u00e9e. Le cin\u00e9aste est donc sollicit\u00e9 par l\u2019entourage du dictateur, craignant un fiasco m\u00e9diatique. L\u2019illusion cr\u00e9\u00e9e fonctionne mais une surench\u00e8re va faire douter le cin\u00e9aste de son d\u00e9vouement au r\u00e9gime en place<\/strong>&#8230;<\/p>\n<\/div>\n\n\n\n<p class=\"has-medium-font-size\">J\u2019ai pu aborder dans l\u2019\u00e9criture du film des sujets d\u2019actualit\u00e9, tels que les conspirations et mythes populaires, la propagande, la tyrannie, les illusions et la manipulation par l\u2019image.<\/p>\n\n\n\n<p class=\"has-medium-font-size\">Dans une volont\u00e9 d\u2019explorer de multiples techniques d\u2019animation, j\u2019ai fait l\u2019exp\u00e9rience d\u2019un travail caract\u00e9ris\u00e9 par une segmentation, une d\u00e9construction des \u00e9l\u00e9ments visuels suivi d\u2019un travail d\u2019assemblage.<\/p>\n\n\n\n<p class=\"has-medium-font-size\">L\u2019esth\u00e9tique du film est un patchwork, fruit d\u2019un travail d\u2019essai-erreur, de fragments anim\u00e9s de natures et de mati\u00e8res diff\u00e9rentes.<\/p>\n\n\n\n<p class=\"has-medium-font-size\">Pour cela, \u00e0 travers de multiples exp\u00e9rimentations techniques, je tente de trouver un juste milieu entre un assemblage visible des \u00e9l\u00e9ments visuels, une fabrication apparente et une image coh\u00e9rente, d\u2019un seul tenant. La volont\u00e9 premi\u00e8re pour le spectateur est une invitation \u00e0 s\u2019interroger, \u00e0 ouvrir le d\u00e9bat.<\/p>\n<\/div>\n\n\n\n<div class=\"wp-block-column is-layout-flow wp-block-column-is-layout-flow\" style=\"flex-basis:50%\">\n<figure class=\"wp-block-image aligncenter size-full\"><img decoding=\"async\" src=\"https:\/\/sophiehorner.art\/wp-content\/uploads\/2021\/12\/Capture-decran-2024-09-02-110913.png\" alt=\"\" class=\"wp-image-879\" style=\"object-fit:cover\"\/><\/figure>\n\n\n\n<figure class=\"wp-block-image size-large\"><img decoding=\"async\" src=\"https:\/\/sophiehorner.art\/wp-content\/uploads\/2021\/12\/0479-1024x429.png\" alt=\"\" class=\"wp-image-875\" style=\"object-fit:cover\"\/><\/figure>\n\n\n\n<figure class=\"wp-block-image size-large\"><img decoding=\"async\" src=\"https:\/\/sophiehorner.art\/wp-content\/uploads\/2021\/12\/lightwrap_scene02093-1024x429.png\" alt=\"\" class=\"wp-image-874\" style=\"object-fit:cover\"\/><\/figure>\n<\/div>\n<\/div>\n\n\n\n<figure class=\"wp-block-image alignwide size-large\"><img decoding=\"async\" src=\"https:\/\/sophiehorner.art\/wp-content\/uploads\/2021\/12\/s03p01k00-1024x576.png\" alt=\"\" class=\"wp-image-877\"\/><\/figure>\n","protected":false},"excerpt":{"rendered":"<p>R\u00e9sum\u00e9 du film Un cin\u00e9aste se voit charg\u00e9 de cr\u00e9er l\u2019illusion pour sauver l\u2019image d\u2019un dictateur. Ce dernier veut prouver \u00e0 son peuple que la Terre est plate et organise \u00e0 cet effet le lancement d\u2019une fus\u00e9e dans l\u2019espace, munie d\u2019une cam\u00e9ra embarqu\u00e9e. Le cin\u00e9aste est donc sollicit\u00e9 par l\u2019entourage du dictateur, craignant un fiasco [&hellip;]<\/p>\n","protected":false},"author":1,"featured_media":1021,"comment_status":"closed","ping_status":"open","sticky":true,"template":"","format":"standard","meta":{"footnotes":""},"categories":[2],"tags":[],"class_list":["post-34","post","type-post","status-publish","format-standard","has-post-thumbnail","hentry","category-animation"],"blocksy_meta":[],"_links":{"self":[{"href":"https:\/\/sophiehorner.art\/index.php?rest_route=\/wp\/v2\/posts\/34","targetHints":{"allow":["GET"]}}],"collection":[{"href":"https:\/\/sophiehorner.art\/index.php?rest_route=\/wp\/v2\/posts"}],"about":[{"href":"https:\/\/sophiehorner.art\/index.php?rest_route=\/wp\/v2\/types\/post"}],"author":[{"embeddable":true,"href":"https:\/\/sophiehorner.art\/index.php?rest_route=\/wp\/v2\/users\/1"}],"replies":[{"embeddable":true,"href":"https:\/\/sophiehorner.art\/index.php?rest_route=%2Fwp%2Fv2%2Fcomments&post=34"}],"version-history":[{"count":1,"href":"https:\/\/sophiehorner.art\/index.php?rest_route=\/wp\/v2\/posts\/34\/revisions"}],"predecessor-version":[{"id":1214,"href":"https:\/\/sophiehorner.art\/index.php?rest_route=\/wp\/v2\/posts\/34\/revisions\/1214"}],"wp:featuredmedia":[{"embeddable":true,"href":"https:\/\/sophiehorner.art\/index.php?rest_route=\/wp\/v2\/media\/1021"}],"wp:attachment":[{"href":"https:\/\/sophiehorner.art\/index.php?rest_route=%2Fwp%2Fv2%2Fmedia&parent=34"}],"wp:term":[{"taxonomy":"category","embeddable":true,"href":"https:\/\/sophiehorner.art\/index.php?rest_route=%2Fwp%2Fv2%2Fcategories&post=34"},{"taxonomy":"post_tag","embeddable":true,"href":"https:\/\/sophiehorner.art\/index.php?rest_route=%2Fwp%2Fv2%2Ftags&post=34"}],"curies":[{"name":"wp","href":"https:\/\/api.w.org\/{rel}","templated":true}]}}